{"id":343,"date":"2021-01-11T17:21:04","date_gmt":"2021-01-11T16:21:04","guid":{"rendered":"https:\/\/aliast.it\/news\/?p=343"},"modified":"2021-01-11T17:22:02","modified_gmt":"2021-01-11T16:22:02","slug":"nuove-sfide-per-i-leader-delle-hr","status":"publish","type":"post","link":"https:\/\/aliast.it\/news\/nuove-sfide-per-i-leader-delle-hr\/","title":{"rendered":"Le nuove sfide per i leader delle HR in un anno di trasformazione"},"content":{"rendered":"\n<p class=\"has-text-align-justify\">Anche se il 2020 si \u00e8 concluso, per i leader delle HR si continua a navigare nella nuova normalit\u00e0, in un mondo degli affari che include la gestione della pandemia ed il posizionamento della forza lavoro per le competenze necessarie a rimanere competitivi. Ci soffermeremo su alcuni punti, pero noi chiave, sul successo del nuovo lavoro &#8220;remoto&#8221;.<\/p>\n\n\n\n<p><strong>1. Far funzionare il lavoro a distanza <\/strong><\/p>\n\n\n\n<p class=\"has-text-align-justify\">Un programma di lavoro a distanza di successo richiede l&#8217;applicazione di diversi componenti. Eccone alcuni:<\/p>\n\n\n\n<p class=\"has-text-align-justify\">\u25ba La sfida principale \u00e8 <em>gestire la tecnologia<\/em> per garantire la continuit\u00e0, collaborate con i vostri team IT e assicuratevi che sia disponibile il software giusto, dalla rete privata virtuale (VPN) agli strumenti di collaborazione in team come Zoom, Slack e WebEx.<\/p>\n\n\n\n<p class=\"has-text-align-justify\">\u25ba I manager dovrebbero mettere dei <em>promemoria sui loro calendari<\/em> per chiamare ogni membro del team almeno una volta alla settimana, giusto per toccare con mano la situazione. Dopo tutto, quando si passa davanti alle postazioni o all&#8217;ufficio di qualcuno, di solito ci si prende qualche minuto per chiacchierare. Con i lavoratori a distanza, queste interazioni spontanee devono essere sostituite da azioni mirate.<\/p>\n\n\n\n<p class=\"has-text-align-justify\">\u25ba Assicuratevi che i dipendenti sappiano quali sono le <em>aspettative di produttivit\u00e0<\/em> fissando insieme obiettivi settimanali e mensili, e discutete i progressi almeno bisettimanalmente. Su queste chiamate, assicuratevi di avere un&#8217;agenda e permettete una discussione aperta intorno a progetti, brainstorming, o per la risoluzione dei problemi. <\/p>\n\n\n\n<figure class=\"wp-block-image\"><img src=\"https:\/\/i0.wp.com\/cdn.app.compendium.com\/uploads\/user\/e7c690e8-6ff9-102a-ac6d-e4aebca50425\/7ae28fb2-ed98-4c0b-aa71-b40bb704f629\/Image\/cddaee22047768f5e66a265b73ff6f09\/pexels_photo_4348401.jpeg?w=697&#038;ssl=1\" alt=\"2020 was a year of disruption and change for HR leaders. Discover what they read as they navigated their organizations through the COVID-19 pandemic\" data-recalc-dims=\"1\"\/><\/figure>\n\n\n\n<p><strong>2. Come pianificare l&#8217;onboarding delle nuove risorse<\/strong><\/p>\n\n\n\n<p class=\"has-text-align-justify\">La pandemia ha anche cambiato il modo in cui le aziende hanno accolto i nuovi dipendenti, un processo delicato a cui porre particolare attenzione, vediamo come:<\/p>\n\n\n\n<p class=\"has-text-align-justify\">\u25ba <em>Pianificare in anticipo<\/em>. Assicurarsi che i dipendenti dispongano di attrezzature come laptop, cuffie o telefoni almeno un paio di giorni prima della data di inizio. Questo permette loro di testare i login, impostare le password, la posta vocale e accedere a qualsiasi piattaforma remota utilizzata.<\/p>\n\n\n\n<p class=\"has-text-align-justify\">\u25ba <em>Creare un percorso virtuale<\/em>. I dipendenti saranno naturalmente curiosi di conoscere l&#8217;ufficio che potrebbero non essere stati in grado di vedere. Create un breve tour virtuale della vostra sede centrale e delle sedi sul campo. Potete renderlo divertente e stimolante creando una breve &#8220;caccia al tesoro&#8221; in cui date ai dipendenti una lista di cose insolite da tenere d&#8217;occhio. <\/p>\n\n\n\n<p class=\"has-text-align-justify\">\u25ba <em>Rendere l&#8217;esperienza interattiva<\/em>. Nessuno vuole ricevere lezioni. Coinvolgeteli nella conversazione non solo con il leader a bordo, ma anche tra di loro. Pianificate un rompighiaccio in modo che possano conoscere altri nuovi dipendenti e anche le persone con cui lavoreranno. Se avete un gruppo abbastanza numeroso e la vostra piattaforma lo permette, organizzate delle discussioni di break out.<\/p>\n\n\n\n<p><strong>3. Come orientare la vostra forza lavoro attraverso una crisi<\/strong><\/p>\n\n\n\n<p class=\"has-text-align-justify\">Nei primi giorni della pandemia, abbiamo sentito i leader descrivere la situazione come &#8220;senza precedenti&#8221; e &#8220;incerta&#8221;, e chi pu\u00f2 biasimarli? Le decisioni aziendali erano difficili da prendere in momenti in cui nessuno aveva letteralmente idea di cosa sarebbe successo dopo.<\/p>\n\n\n\n<p class=\"has-text-align-justify\">Per le aziende con una forza lavoro gi\u00e0 parzialmente remota, la transizione potrebbe essere stata abbastanza fluida e alcuni potrebbero anche aver visto un aumento della produttivit\u00e0. Ma per molte altre, dove l&#8217;interazione faccia a faccia era parte integrante dei loro compiti operativi, le sfide relative alla sicurezza, alla salute e al morale dei lavoratori dovevano essere affrontate prima che l&#8217;azienda potesse continuare.<\/p>\n\n\n\n<p class=\"has-text-align-justify\">&#8220;<em>Maslow&#8217;s Hierarchy of Needs<\/em>&#8221; \u00e8 una teoria in psicologia proposta dallo psicologo Abraham Maslow che descrive come gli esseri umani partecipano alla motivazione di base, dai bisogni fisiologici come il cibo e il riparo all&#8217;auto-realizzazione e dell&#8217;autorealizzazione, ma cosa succederebbe se applicassimo queste metodologie alla forza lavoro in questi tempi di bisogno?<\/p>\n\n\n\n<p class=\"has-text-align-justify\">Simile al modello di Maslow, l&#8217;approccio che \u00e8 stato studiato guarda alla motivazione dell&#8217;azienda e del dipendente in tempi di crisi. Per essere preparati, le organizzazioni devono affrontare quattro aree chiave. Ecco come appare:<\/p>\n\n\n\n<figure class=\"wp-block-image is-resized\"><img loading=\"lazy\" src=\"https:\/\/i2.wp.com\/cdn.app.compendium.com\/uploads\/user\/e7c690e8-6ff9-102a-ac6d-e4aebca50425\/7ae28fb2-ed98-4c0b-aa71-b40bb704f629\/Image\/1eae4e9dfb4840425dc9b774da69bbc5\/heirarchy_of_hr_needs.png?resize=660%2C345&#038;ssl=1\" alt=\"The past few months have been a time of testing for HR teams worldwide. Here's our model for navigating through a crisis.\" width=\"660\" height=\"345\" data-recalc-dims=\"1\" \/><\/figure>\n\n\n\n<p><strong>4. \u00a0La vita remota: Navigare il lavoro da casa cultura<\/strong><\/p>\n\n\n\n<p class=\"has-text-align-justify\">Prima che la pandemia colpisse, i dati mostravano che circa il 5% dei lavoratori con un lavoro a tempo pieno lavorava da casa. Con molti ora fuori dal loro elemento e che hanno bisogno di bilanciare le loro famiglie e i loro figli continuando a lavorare, risulta fondamentale saper gestire una nuova quotidianit\u00e0, che nel 2021 potr\u00e0 essere confermata.<\/p>\n\n\n\n<p class=\"has-text-align-justify\">\u25ba  <em>Definire lo spazio di lavoro<\/em>. Uno dei primi passi con cui i dipendenti si scontrano per il lavoro da casa \u00e8 chiedersi dove lavorano. Usano un tavolo in garage, il tavolo della cucina o il divano del soggiorno? Gli esperti dicono gi\u00e0 da ormai molti anni, di non mischiare lo spazio personale con quello lavorativo. <\/p>\n\n\n\n<p class=\"has-text-align-justify\">\u25ba  <em>Stabilire il proprio programma<\/em>. Una delle cose pi\u00f9 difficili da fare \u00e8 gestire le distrazioni nell&#8217;ambiente di lavoro, quando svolto da casa. L&#8217;autodisciplina nel vostro programma \u00e8 molto importante, da quando vi alzate, vi sedete alla scrivania, fate una pausa o un pranzo, fate il check-in con i membri chiave del vostro team e quando chiudete. All&#8217;inizio \u00e8 difficile da gestire, ma la coerenza \u00e8 tutto.<\/p>\n\n\n\n<p class=\"has-text-align-justify\">\u25ba <em>Mantenere la visibilit\u00e0 e le comunicazioni<\/em>. Pi\u00f9 che mai, \u00e8 importante rimanere il pi\u00f9 visibile possibile con i propri compagni di squadra. Per mantenere le comunicazioni, dedicare del tempo ogni giorno per sentirsi con un collega di lavoro, che non deve essere per forza un riporto della propria attivit\u00e0. Chiedete informazioni sulla famiglia, su come sta gestendo il lavoro da remoto, su ci\u00f2 con cui si sta confrontando personalmente, condividete consigli. In questi tempi, \u00e8 pi\u00f9 importante che mai utilizzare strumenti di videoconferenza per mantenere un certo grado di normalit\u00e0 con quelli che vedevamo ogni giorno. Questo aiuta a ridurre l&#8217;ansia e lo stress con i membri del nostro team e contribuisce a rendere il lavoro pi\u00f9 piacevole.<\/p>\n\n\n\n<figure class=\"wp-block-image\"><img src=\"https:\/\/i2.wp.com\/cdn.app.compendium.com\/uploads\/user\/e7c690e8-6ff9-102a-ac6d-e4aebca50425\/7ae28fb2-ed98-4c0b-aa71-b40bb704f629\/Image\/48e956079a466696692f1d6609fb519c\/pexels_photo_3787300.jpeg?w=697&#038;ssl=1\" alt=\"The lockdown is inspiring a new generation of workers. See how they will forever change the workplace. \" data-recalc-dims=\"1\"\/><\/figure>\n\n\n\n<p><strong>5. Creare una Gen-R<\/strong><\/p>\n\n\n\n<p>Per nostra esperienza, i lavoratori della Generazione R sono rappresentati principalmente da quattro caratteristiche:<\/p>\n\n\n\n<p class=\"has-text-align-justify\">\u25ba <em>Si stanno preparando in modo proattivo per una nuova normalit\u00e0 del lavoro<\/em>: I lavoratori della Generazione R credono che il mondo del lavoro cambier\u00e0 in modo significativo quando le sfide attuali saranno risolte, e si stanno preparando per questo. Sentono che il futuro posto di lavoro diventer\u00e0 pi\u00f9 competitivo, con un impatto sulla loro direzione di carriera e sulle opportunit\u00e0 future. Ma invece di aspettare che ci\u00f2 avvenga, i lavoratori della Gen-R si sono impegnati ad apprendere almeno una nuova abilit\u00e0 durante l&#8217;isolamento. Hanno in programma di avere molteplici fonti di reddito e di provare nuovi ruoli e posti di lavoro una volta che il mondo torner\u00e0 alla normalit\u00e0.<\/p>\n\n\n\n<p class=\"has-text-align-justify\"><br>\u25ba <em>Stanno trovando la produttivit\u00e0 in ambienti di lavoro remoti:<\/em> Mentre molti lavoratori preferiscono lavorare in orari d&#8217;ufficio predefiniti e fissi, la Gen-R preferisce le opzioni di lavoro a distanza. Credono che gli orari flessibili e la tecnologia disponibile consentano loro di essere pi\u00f9 produttivi quando lavorano da casa.<\/p>\n\n\n\n<p class=\"has-text-align-justify\"><br>\u25ba <em>Stanno dando la priorit\u00e0 all&#8217;equilibrio tra personale e professionale<\/em>: Nonostante l&#8217;isolamento che offusca i confini tra casa e lavoro, i lavoratori della Gen-R hanno imparato a destreggiarsi con successo tra vita personale e professionale. Grazie alla comprensione dei nuovi orari da parte dei manager e all&#8217;apprezzamento per il duro lavoro, questi dipendenti stanno trovando nuovi modi per raggiungere un equilibrio tra lavoro e vita privata.<\/p>\n\n\n\n<p class=\"has-text-align-justify\"><br>\u25ba <em>Stanno diventando pi\u00f9 consapevoli dell&#8217;ambiente<\/em>: \u00e8 interessante notare che, come risultato dell&#8217;isolamento, le percezioni di Gen-R sull&#8217;ambiente e sulla sostenibilit\u00e0 sono cambiate. Avendo compreso l&#8217;impatto che l&#8217;umanit\u00e0 ha sul nostro ambiente, credono di dovere alla societ\u00e0 e all&#8217;ambiente pi\u00f9 di prima.<\/p>\n\n\n\n<p><em>Per maggiori approfondimenti \u00e8 possibile lasciare un commento e\/o inviare una email a <strong>info@aliast.it<\/strong>. Il nostro team di esperti sar\u00e0 in grado di fornire risposte specifiche.<\/em><\/p>\n","protected":false},"excerpt":{"rendered":"<p>Anche se il 2020 si \u00e8 concluso, per i leader delle HR si continua a navigare nella nuova normalit\u00e0, in un mondo degli affari che include la gestione della pandemia ed il posizionamento della forza lavoro per le competenze necessarie a rimanere competitivi.<\/p>\n","protected":false},"author":1,"featured_media":353,"comment_status":"open","ping_status":"open","sticky":false,"template":"","format":"standard","meta":{"spay_email":""},"categories":[31],"tags":[50,53,39,34],"yoast_head":"<!-- This site is optimized with the Yoast SEO plugin v18.4.1 - https:\/\/yoast.com\/wordpress\/plugins\/seo\/ -->\n<title>Le nuove sfide per i leader delle HR in un anno di trasformazione - Aliast<\/title>\n<meta name=\"description\" content=\"Anche se il 2020 si \u00e8 concluso, per i leader delle HR si continua a navigare nella nuova normalit\u00e0, in un mondo degli affari che include la gestione della pandemia ed il posizionamento della forza lavoro per le competenze necessarie a rimanere competitivi.\" \/>\n<meta name=\"robots\" content=\"index, follow, max-snippet:-1, max-image-preview:large, max-video-preview:-1\" \/>\n<link rel=\"canonical\" href=\"https:\/\/aliast.it\/news\/nuove-sfide-per-i-leader-delle-hr\/\" \/>\n<meta property=\"og:locale\" content=\"it_IT\" \/>\n<meta property=\"og:type\" content=\"article\" \/>\n<meta property=\"og:title\" content=\"Le nuove sfide per i leader delle HR in un anno di trasformazione - Aliast\" \/>\n<meta property=\"og:description\" content=\"Anche se il 2020 si \u00e8 concluso, per i leader delle HR si continua a navigare nella nuova normalit\u00e0, in un mondo degli affari che include la gestione della pandemia ed il posizionamento della forza lavoro per le competenze necessarie a rimanere competitivi.\" \/>\n<meta property=\"og:url\" content=\"https:\/\/aliast.it\/news\/nuove-sfide-per-i-leader-delle-hr\/\" \/>\n<meta property=\"og:site_name\" content=\"Aliast\" \/>\n<meta property=\"article:published_time\" content=\"2021-01-11T16:21:04+00:00\" \/>\n<meta property=\"article:modified_time\" content=\"2021-01-11T16:22:02+00:00\" \/>\n<meta property=\"og:image\" content=\"https:\/\/i1.wp.com\/aliast.it\/news\/wp-content\/uploads\/2021\/01\/pexels_photo_4050441.jpeg?fit=1880%2C1253&#038;ssl=1\" \/>\n\t<meta property=\"og:image:width\" content=\"1880\" \/>\n\t<meta property=\"og:image:height\" content=\"1253\" \/>\n\t<meta property=\"og:image:type\" content=\"image\/jpeg\" \/>\n<meta name=\"twitter:card\" content=\"summary_large_image\" \/>\n<meta name=\"twitter:label1\" content=\"Scritto da\" \/>\n\t<meta name=\"twitter:data1\" content=\"aliast\" \/>\n\t<meta name=\"twitter:label2\" content=\"Tempo di lettura stimato\" \/>\n\t<meta name=\"twitter:data2\" content=\"6 minuti\" \/>\n<script type=\"application\/ld+json\" class=\"yoast-schema-graph\">{\"@context\":\"https:\/\/schema.org\",\"@graph\":[{\"@type\":\"WebSite\",\"@id\":\"https:\/\/aliast.it\/news\/#website\",\"url\":\"https:\/\/aliast.it\/news\/\",\"name\":\"Aliast\",\"description\":\"News room\",\"potentialAction\":[{\"@type\":\"SearchAction\",\"target\":{\"@type\":\"EntryPoint\",\"urlTemplate\":\"https:\/\/aliast.it\/news\/?s={search_term_string}\"},\"query-input\":\"required name=search_term_string\"}],\"inLanguage\":\"it-IT\"},{\"@type\":\"ImageObject\",\"@id\":\"https:\/\/aliast.it\/news\/nuove-sfide-per-i-leader-delle-hr\/#primaryimage\",\"inLanguage\":\"it-IT\",\"url\":\"https:\/\/i1.wp.com\/aliast.it\/news\/wp-content\/uploads\/2021\/01\/pexels_photo_4050441.jpeg?fit=1880%2C1253&ssl=1\",\"contentUrl\":\"https:\/\/i1.wp.com\/aliast.it\/news\/wp-content\/uploads\/2021\/01\/pexels_photo_4050441.jpeg?fit=1880%2C1253&ssl=1\",\"width\":1880,\"height\":1253},{\"@type\":\"WebPage\",\"@id\":\"https:\/\/aliast.it\/news\/nuove-sfide-per-i-leader-delle-hr\/#webpage\",\"url\":\"https:\/\/aliast.it\/news\/nuove-sfide-per-i-leader-delle-hr\/\",\"name\":\"Le nuove sfide per i leader delle HR in un anno di trasformazione - Aliast\",\"isPartOf\":{\"@id\":\"https:\/\/aliast.it\/news\/#website\"},\"primaryImageOfPage\":{\"@id\":\"https:\/\/aliast.it\/news\/nuove-sfide-per-i-leader-delle-hr\/#primaryimage\"},\"datePublished\":\"2021-01-11T16:21:04+00:00\",\"dateModified\":\"2021-01-11T16:22:02+00:00\",\"author\":{\"@id\":\"https:\/\/aliast.it\/news\/#\/schema\/person\/8a4eaa07794a5be894eff4c1cc91092d\"},\"description\":\"Anche se il 2020 si \u00e8 concluso, per i leader delle HR si continua a navigare nella nuova normalit\u00e0, in un mondo degli affari che include la gestione della pandemia ed il posizionamento della forza lavoro per le competenze necessarie a rimanere competitivi.\",\"breadcrumb\":{\"@id\":\"https:\/\/aliast.it\/news\/nuove-sfide-per-i-leader-delle-hr\/#breadcrumb\"},\"inLanguage\":\"it-IT\",\"potentialAction\":[{\"@type\":\"ReadAction\",\"target\":[\"https:\/\/aliast.it\/news\/nuove-sfide-per-i-leader-delle-hr\/\"]}]},{\"@type\":\"BreadcrumbList\",\"@id\":\"https:\/\/aliast.it\/news\/nuove-sfide-per-i-leader-delle-hr\/#breadcrumb\",\"itemListElement\":[{\"@type\":\"ListItem\",\"position\":1,\"name\":\"Home\",\"item\":\"https:\/\/aliast.it\/news\/\"},{\"@type\":\"ListItem\",\"position\":2,\"name\":\"Le nuove sfide per i leader delle HR in un anno di trasformazione\"}]},{\"@type\":\"Person\",\"@id\":\"https:\/\/aliast.it\/news\/#\/schema\/person\/8a4eaa07794a5be894eff4c1cc91092d\",\"name\":\"aliast\",\"image\":{\"@type\":\"ImageObject\",\"@id\":\"https:\/\/aliast.it\/news\/#personlogo\",\"inLanguage\":\"it-IT\",\"url\":\"https:\/\/secure.gravatar.com\/avatar\/e452c12ba07c45e2df55adc41cf50fe5?s=96&d=mm&r=g\",\"contentUrl\":\"https:\/\/secure.gravatar.com\/avatar\/e452c12ba07c45e2df55adc41cf50fe5?s=96&d=mm&r=g\",\"caption\":\"aliast\"},\"sameAs\":[\"https:\/\/aliast.it\/news\"],\"url\":\"https:\/\/aliast.it\/news\/author\/aliast\/\"}]}<\/script>\n<!-- \/ Yoast SEO plugin. -->","yoast_head_json":{"title":"Le nuove sfide per i leader delle HR in un anno di trasformazione - Aliast","description":"Anche se il 2020 si \u00e8 concluso, per i leader delle HR si continua a navigare nella nuova normalit\u00e0, in un mondo degli affari che include la gestione della pandemia ed il posizionamento della forza lavoro per le competenze necessarie a rimanere competitivi.","robots":{"index":"index","follow":"follow","max-snippet":"max-snippet:-1","max-image-preview":"max-image-preview:large","max-video-preview":"max-video-preview:-1"},"canonical":"https:\/\/aliast.it\/news\/nuove-sfide-per-i-leader-delle-hr\/","og_locale":"it_IT","og_type":"article","og_title":"Le nuove sfide per i leader delle HR in un anno di trasformazione - Aliast","og_description":"Anche se il 2020 si \u00e8 concluso, per i leader delle HR si continua a navigare nella nuova normalit\u00e0, in un mondo degli affari che include la gestione della pandemia ed il posizionamento della forza lavoro per le competenze necessarie a rimanere competitivi.","og_url":"https:\/\/aliast.it\/news\/nuove-sfide-per-i-leader-delle-hr\/","og_site_name":"Aliast","article_published_time":"2021-01-11T16:21:04+00:00","article_modified_time":"2021-01-11T16:22:02+00:00","og_image":[{"width":1880,"height":1253,"url":"https:\/\/i1.wp.com\/aliast.it\/news\/wp-content\/uploads\/2021\/01\/pexels_photo_4050441.jpeg?fit=1880%2C1253&ssl=1","type":"image\/jpeg"}],"twitter_card":"summary_large_image","twitter_misc":{"Scritto da":"aliast","Tempo di lettura stimato":"6 minuti"},"schema":{"@context":"https:\/\/schema.org","@graph":[{"@type":"WebSite","@id":"https:\/\/aliast.it\/news\/#website","url":"https:\/\/aliast.it\/news\/","name":"Aliast","description":"News room","potentialAction":[{"@type":"SearchAction","target":{"@type":"EntryPoint","urlTemplate":"https:\/\/aliast.it\/news\/?s={search_term_string}"},"query-input":"required name=search_term_string"}],"inLanguage":"it-IT"},{"@type":"ImageObject","@id":"https:\/\/aliast.it\/news\/nuove-sfide-per-i-leader-delle-hr\/#primaryimage","inLanguage":"it-IT","url":"https:\/\/i1.wp.com\/aliast.it\/news\/wp-content\/uploads\/2021\/01\/pexels_photo_4050441.jpeg?fit=1880%2C1253&ssl=1","contentUrl":"https:\/\/i1.wp.com\/aliast.it\/news\/wp-content\/uploads\/2021\/01\/pexels_photo_4050441.jpeg?fit=1880%2C1253&ssl=1","width":1880,"height":1253},{"@type":"WebPage","@id":"https:\/\/aliast.it\/news\/nuove-sfide-per-i-leader-delle-hr\/#webpage","url":"https:\/\/aliast.it\/news\/nuove-sfide-per-i-leader-delle-hr\/","name":"Le nuove sfide per i leader delle HR in un anno di trasformazione - Aliast","isPartOf":{"@id":"https:\/\/aliast.it\/news\/#website"},"primaryImageOfPage":{"@id":"https:\/\/aliast.it\/news\/nuove-sfide-per-i-leader-delle-hr\/#primaryimage"},"datePublished":"2021-01-11T16:21:04+00:00","dateModified":"2021-01-11T16:22:02+00:00","author":{"@id":"https:\/\/aliast.it\/news\/#\/schema\/person\/8a4eaa07794a5be894eff4c1cc91092d"},"description":"Anche se il 2020 si \u00e8 concluso, per i leader delle HR si continua a navigare nella nuova normalit\u00e0, in un mondo degli affari che include la gestione della pandemia ed il posizionamento della forza lavoro per le competenze necessarie a rimanere competitivi.","breadcrumb":{"@id":"https:\/\/aliast.it\/news\/nuove-sfide-per-i-leader-delle-hr\/#breadcrumb"},"inLanguage":"it-IT","potentialAction":[{"@type":"ReadAction","target":["https:\/\/aliast.it\/news\/nuove-sfide-per-i-leader-delle-hr\/"]}]},{"@type":"BreadcrumbList","@id":"https:\/\/aliast.it\/news\/nuove-sfide-per-i-leader-delle-hr\/#breadcrumb","itemListElement":[{"@type":"ListItem","position":1,"name":"Home","item":"https:\/\/aliast.it\/news\/"},{"@type":"ListItem","position":2,"name":"Le nuove sfide per i leader delle HR in un anno di trasformazione"}]},{"@type":"Person","@id":"https:\/\/aliast.it\/news\/#\/schema\/person\/8a4eaa07794a5be894eff4c1cc91092d","name":"aliast","image":{"@type":"ImageObject","@id":"https:\/\/aliast.it\/news\/#personlogo","inLanguage":"it-IT","url":"https:\/\/secure.gravatar.com\/avatar\/e452c12ba07c45e2df55adc41cf50fe5?s=96&d=mm&r=g","contentUrl":"https:\/\/secure.gravatar.com\/avatar\/e452c12ba07c45e2df55adc41cf50fe5?s=96&d=mm&r=g","caption":"aliast"},"sameAs":["https:\/\/aliast.it\/news"],"url":"https:\/\/aliast.it\/news\/author\/aliast\/"}]}},"jetpack_featured_media_url":"https:\/\/i1.wp.com\/aliast.it\/news\/wp-content\/uploads\/2021\/01\/pexels_photo_4050441.jpeg?fit=1880%2C1253&ssl=1","jetpack_sharing_enabled":true,"_links":{"self":[{"href":"https:\/\/aliast.it\/news\/wp-json\/wp\/v2\/posts\/343"}],"collection":[{"href":"https:\/\/aliast.it\/news\/wp-json\/wp\/v2\/posts"}],"about":[{"href":"https:\/\/aliast.it\/news\/wp-json\/wp\/v2\/types\/post"}],"author":[{"embeddable":true,"href":"https:\/\/aliast.it\/news\/wp-json\/wp\/v2\/users\/1"}],"replies":[{"embeddable":true,"href":"https:\/\/aliast.it\/news\/wp-json\/wp\/v2\/comments?post=343"}],"version-history":[{"count":16,"href":"https:\/\/aliast.it\/news\/wp-json\/wp\/v2\/posts\/343\/revisions"}],"predecessor-version":[{"id":360,"href":"https:\/\/aliast.it\/news\/wp-json\/wp\/v2\/posts\/343\/revisions\/360"}],"wp:featuredmedia":[{"embeddable":true,"href":"https:\/\/aliast.it\/news\/wp-json\/wp\/v2\/media\/353"}],"wp:attachment":[{"href":"https:\/\/aliast.it\/news\/wp-json\/wp\/v2\/media?parent=343"}],"wp:term":[{"taxonomy":"category","embeddable":true,"href":"https:\/\/aliast.it\/news\/wp-json\/wp\/v2\/categories?post=343"},{"taxonomy":"post_tag","embeddable":true,"href":"https:\/\/aliast.it\/news\/wp-json\/wp\/v2\/tags?post=343"}],"curies":[{"name":"wp","href":"https:\/\/api.w.org\/{rel}","templated":true}]}}