{"id":212,"date":"2020-11-25T14:01:15","date_gmt":"2020-11-25T13:01:15","guid":{"rendered":"https:\/\/aliast.it\/news\/?p=212"},"modified":"2020-11-25T15:49:57","modified_gmt":"2020-11-25T14:49:57","slug":"pmi-e-ripresa-postcovid19","status":"publish","type":"post","link":"https:\/\/aliast.it\/news\/pmi-e-ripresa-postcovid19\/","title":{"rendered":"PMI e ripresa post-Covid19"},"content":{"rendered":"\n<p class=\"has-text-align-justify\">L&#8217;emergenza <strong>Covid-19<\/strong> viene considerata la pi\u00f9 grande crisi che il sistema economico globale abbia mai affrontato negli ultimi 100 anni. Infatti, per la prima volta dalla Grande Depressione, sia le economie avanzate che quelle emergenti sono in recessione: le previsioni dell\u2019<strong>International<\/strong> <strong>Monetary Fund<\/strong> stimano una riduzione del -8% per le economie sviluppate e del -3,0% per le economie emergenti e quelle in via di sviluppo.<\/p>\n\n\n\n<p class=\"has-text-align-justify\">Se da un lato l&#8217;emergenza in corso sta mettendo a dura prova gli equilibri in essere nel nostro Paese, dall&#8217;altro per\u00f2 ha anche accelerato l&#8217;effermarsi di nuovi paradigmi di business, portando le aziende ad intraprendere una nuova strada definibile &#8220;<strong>New-Normal<\/strong>&#8220;, ossia avere un atteggiamento anticipatorio nei confronti della nuova normalit\u00e0 in cui sia le aziende che i consumatori dovranno e si troveranno ad agire.<\/p>\n\n\n\n<p class=\"has-text-align-justify\">Ma su quali mix di attivit\u00e0 ci si attende che verranno raggiunte queste nuove dimensioni di business:<\/p>\n\n\n\n<p class=\"has-text-align-justify\">\u25ba <strong>Digitalizzazione<\/strong>: le nuove tecnologie digitali saranno &#8220;<strong>order qualifier<\/strong>&#8221; per competere sul mercato rendendo possibile, nei nuovi contesti operativi, una maggiore efficienza operativa (soluzioni agile, ecc.) e garantendo un nuovo concetto commerciale, il quale dovr\u00e0 allinearsi con le nuove tendenze di consumo e nuove abitudini di spesa dei consumatori.<\/p>\n\n\n\n<p class=\"has-text-align-justify\">\u25ba <strong>Dimensione e scala<\/strong>: il rafforzamento patrimoniale delle imprese e la crescita dimensionale, sono fattori critici per sostenere la competitivit\u00e0 e la capacit\u00e0 di investire e innovare nel nuovo contesto. La dimensione media d&#8217;impresa e il giusto livello di capitalizzazione diventeranno elementi chiave per le imprese interessate a garantire solidit\u00e0 del proprio business nel medio-lungo termine. Fondamentale sar\u00e0 guardare modelli di collaborazione e aggregazione tra imprese per acquisire scala e competere su mercati internazionali, attraverso operazioni di finanza straordinaria come M&amp;A e Joint Venture, rafforzando il ruolo della filiera anche con azioni di patrimonializzazione dei partecipanti facilitate dalle aziende di maggiori dimensioni.<\/p>\n\n\n\n<p class=\"has-text-align-justify\">\u25ba <strong>Sostenibilit\u00e0<\/strong>: protagonista del futuro di ogni azienda, il concetto di <strong>economia-ambiente-societ\u00e0<\/strong> diventer\u00e0 trainante nella definizione della strategia aziendale. Secondo i dati ISTAT 2020, prima dell&#8217;emergenza, 1 azienda su 2, ritiene che la sostenibilit\u00e0 sia un fattore differenziante nel mercato e di vantaggio competitivo. <\/p>\n\n\n\n<figure class=\"wp-block-image\"><img src=\"https:\/\/i0.wp.com\/www.apprendoo.com\/wp\/wp-content\/uploads\/2018\/07\/obiettivi-formativi-e-aziendali.jpg?w=697&#038;ssl=1\" alt=\"Definire obiettivi formativi a supporto degli obiettivi aziendali |  Apprendoo \u00ae\" data-recalc-dims=\"1\"\/><\/figure>\n\n\n\n<p class=\"has-text-align-justify\">Su queste 3 direttrici, le PMI italiane, si troveranno a dover impostare le scelte strategiche, per rimanere competitive dovranno intervenire sul <strong>modello di business<\/strong>, adeguando le stategie in termini di crescita e sviluppo e come conseguenza rivedere il loro <strong>modello operativo<\/strong>. <\/p>\n\n\n\n<p class=\"has-text-align-justify\">Dati ISTAT rilevano che nel 2020, il 56% delle PMI crede di dover concentrare su una o pi\u00f9 componenti della propria <strong>proposizione di business<\/strong>, agendo quindi sull&#8217;ampliamento\/revisione del bacino Clienti, sull&#8217;offerta e sui canali di vendita utilizzati, sulle fasi di approvigionamento e produzione &#8220;supply chain&#8221;, al fine di incrementare il valore percepito dal mercato attraverso i prodotti\/servizi, vediamo quindi come.<\/p>\n\n\n\n<p class=\"has-text-align-justify\">Il primo pilastro risulta di mettere in sicurezza i dipendenti e assicurare la continuit\u00e0 delle attivit\u00e0 produttive, attraverso una <strong>organizzazione degli spazi pi\u00f9 efficiente e snella <\/strong>(c.a. il 70% delle aziende dichiara di dover riorganizzare i propri spazi di lavoro). Ne deriva che, nonostante le aziende dichiarino che la digitalizzazione sia una delle loro priorit\u00e0 &#8211; il 90% la indica come uno dei principali driver di crescita futuri e principale elemento di vantaggio competitivo &#8211; il cambiamento che intendono perseguire nell\u2019immediato post-Covid non parte quasi mai dalla sfera digitale. <\/p>\n\n\n\n<p class=\"has-text-align-justify\"><\/p>\n\n\n\n<figure class=\"wp-block-image\"><img src=\"https:\/\/i0.wp.com\/www.exportiamo.it\/thumb\/1200x800\/public\/aree\/13405\/internazionalizzazione-strategie.jpg?w=697&#038;ssl=1\" alt=\"Internazionalizzazione: strategie d\u2019ingresso e motivazioni\" data-recalc-dims=\"1\"\/><\/figure>\n\n\n\n<p class=\"has-text-align-justify\">Il secondo pilastro passa attraverso la capacit\u00e0 di <strong>internazionalizzazione<\/strong>, che negli ultimi anni \u00e8 stata una delle principali direttrici di crescita per le PMI (seconda solo all\u2019aumento della produttivit\u00e0 e dell\u2019efficienza operativa). Questo dato \u00e8 confermato in Italia anche dalla forte crescita dell\u2019export delle PMI nazionali, aumentato tra il 2014 e il 2018 a un tasso annuo di crescita composto del +2,5%, e arrivando a toccare volumi di pi\u00f9 di 200 Mld\u20ac20 (dati Eurostat).<\/p>\n\n\n\n<p class=\"has-text-align-justify\">La propensione ad affacciarsi verso mercati esteri aumenta al crescere della dimensione aziendale, diventando per le PMI occupate in alcuni settori specifici (i.e. commercio al dettaglio e all\u2019ingrosso e costruzioni) il primo driver di ripresa del business nel post-Covid. Infatti, per 7 aziende su 10 operanti nell\u2019industria edile, i mercati esteri sono la prima strategia da mettere a terra per assicurare la piena ripresa del business.<\/p>\n\n\n\n<p class=\"has-text-align-justify\">Ne deriva quindi un rafforzamento dei bisogni prioritari delle PMI che approcciano per la prima volta i mercati esteri:<\/p>\n\n\n\n<div class=\"wp-block-group\"><div class=\"wp-block-group__inner-container\">\n<div class=\"wp-block-group\"><div class=\"wp-block-group__inner-container\">\n<div class=\"wp-block-group\"><div class=\"wp-block-group__inner-container\">\n<p class=\"has-text-align-justify\"><br>\u25ba <strong>Conoscere il mercato<\/strong>: studiare un piano di ingresso progressivo per comprendere il mercato estero e le sue specificit\u00e0 a 360\u00b0 (e.g. requisiti regolamentari, legislativi).<br><\/p>\n\n\n\n<p class=\"has-text-align-justify\">\u25ba <strong>Individuare i giusti partner locali<\/strong> : ricercare possibili controparti locali con cui attivare primi contatti per lo sviluppo di relazioni commerciali.<br>                                                                                               <\/p>\n\n\n\n<p>\u25ba <strong>Rafforzare la governance e i sistemi di reporting<\/strong>: gestire in modo efficiente le attivit\u00e0 internazionali assicurando sempre un presidio sull\u2019attivit\u00e0 svolta in Italia anche quando la propriet\u00e0 e la direzione \u00e8 impegnata all\u2019estero nello sviluppo del nuovo business.<\/p>\n\n\n\n<p>\u25ba <strong>Avere le giuste competenze<\/strong>: acquisire nuove capabilities\/ skill manageriali dall\u2019esterno per \u201ccontaminare\u201c la propria operativit\u00e0.<\/p>\n\n\n\n<p>\u25ba <strong>Essere \u201cpronti\u201d a competere nel nuovo mercato<\/strong>: investire nella formazione della propria azienda per sviluppare skill necessarie.<\/p>\n\n\n\n<p><\/p>\n\n\n\n<figure class=\"wp-block-image\"><img src=\"https:\/\/i1.wp.com\/s27389.pcdn.co\/wp-content\/uploads\/2020\/02\/ma-value-enterprise-software-high-activity-cooling-down-1013x440.jpeg?resize=697%2C303&#038;ssl=1\" alt=\"M&amp;A value in enterprise software stays high, despite activity cooling down image\" data-recalc-dims=\"1\"\/><\/figure>\n\n\n\n<p><\/p>\n\n\n\n<p class=\"has-text-align-justify\">Il terzo pilastro considerato cruciale nelle PMI per uscire da questa fase, \u00e8 che per essere resilienti e reagire agli shock \u00e8 fondamentale rafforzare la componente patrimoniale. Se la liquidit\u00e0 aziendale consente un sostentamento alle imprese per gestire le necessit\u00e0 operative e di cassa imminenti, il sottostante per garantire una crescita sostenibile non pu\u00f2 che essere la componente patrimoniale. Avere la giusta dimensione \u00e8 fattore chiave per colmare i gap di produttivit\u00e0 delle nostre PMI e assicurare il pieno recuper\u00f2 dell\u2019efficienza. <\/p>\n\n\n\n<p class=\"has-text-align-justify\">A conferma di questo trend, con pi\u00f9 del 90% delle PMI che vede la solidit\u00e0 patrimoniale come fattore chiave per garantire la <strong>stabilit\u00e0 al business<\/strong> e la competitivit\u00e0 nel medio-lungo termine. Come farlo, \u00e8 sicuramente un tema pi\u00f9 discusso: da un lato le aziende che si concentrano sulla riduzione dell\u2019esposizione verso terzi e sul consolidamento dell\u2019indebitamento o la generazione della liquidit\u00e0, dall\u2019altro assistiamo a interventi pi\u00f9 strutturali (e.g. alleanze strategiche, JVs, M&amp;A).<\/p>\n\n\n\n<p class=\"has-text-align-justify\">Conferme su questi aspetti arrivano anche dall&#8217;AD del <strong>Fondo Strategico Italiano<\/strong> (Fsi) &#8220;<em>la crisi innescata dalla pandemia di Covid 19 potrebbe essere un drammatico catalizzatore di operazioni di integrazione che facciano crescere dimensionalmente i brand italiani, soprattutto quelli medio-piccoli<\/em>&#8221; ha spiegato, nel recente evento al Milano Fashion Global Summit.<\/p>\n\n\n\n<p class=\"has-text-align-justify\">Secondo il nostro parere, unendo il concetto di <strong>internazionalizzazione<\/strong> ed il ricorso all\u2019<strong>M&amp;A<\/strong>, si pu\u00f2 accelerare l\u2019ingresso sui mercati internazionali delle PMI. Si osserva da recenti studi, che&nbsp;le aziende che si internazionalizzano tramite acquisizioni hanno <strong>tassi di crescita pi\u00f9 elevati <\/strong>e un livello di creazione di <strong>valore pi\u00f9 elevato,&nbsp;<\/strong>rispetto a chi intraprende questi percorsi solo tramite una crescita organica. I percorsi di internazionalizzazione intrapresi a partire dall\u2019inizio degli anni 2000 dalle PMI dimostrano che&nbsp;anche aziende di taglia media possono fare acquisizioni all\u2019estero di successo<strong>&nbsp;<\/strong>se si segue un approccio strutturato e sistematico.&nbsp;Chiaramente ci sono alcune regole da seguire: <\/p>\n\n\n\n<div class=\"wp-block-group\"><div class=\"wp-block-group__inner-container\">\n<p class=\"has-text-align-justify\">\u25ba <strong>Approccio strategico&nbsp;<\/strong>alle acquisizioni; vanno creati&nbsp;team con competenze dedicate e specialistiche. <\/p>\n\n\n\n<p class=\"has-text-align-justify\">\u25ba <strong>Grandi capacit\u00e0 manageriali<\/strong> per gestire il processo di post acquisizione. <\/p>\n\n\n\n<p class=\"has-text-align-justify\">\u25ba <strong>Integrazione<\/strong> di culture diverse per creare valore senza provocare reazioni di rigetto. <\/p>\n<\/div><\/div>\n\n\n\n<p><\/p>\n\n\n\n<p class=\"has-text-align-justify\">Non esiste una &#8220;formula magica&#8221; valida per tutti e dipende ovviamente dal grado di preparazione dell\u2019azienda e del management ma queste regole possono rappresentare una bussola per orientare in modo corretto questi investimenti.<br><\/p>\n\n\n\n<p class=\"has-text-align-justify\">Finora le aziende italiane hanno fatto acquisizioni soprattutto nei paesi europei, riteniamo tuttavia che sia necessario potenziare la presenza delle imprese italiane soprattutto sui mercati asiatici&nbsp;dove la domanda di prodotti e servizi italiani \u00e8 molto elevata. Va detto che proprio le economie asiatiche sono quelle che stanno ripartendo pi\u00f9 velocemente e che sembrano pi\u00f9 vicine a uscire dal tunnel della pandemia.<\/p>\n\n\n\n<p><\/p>\n<\/div><\/div>\n\n\n\n<p class=\"has-text-align-justify\"><em>Per maggiori approfondimenti \u00e8 possibile lasciare un commento e\/o inviare una email a <strong>info@aliast.it<\/strong>. Il nostro team di esperti sar\u00e0 in grado di fornire risposte specifiche.<\/em><\/p>\n\n\n\n<p><a href=\"https:\/\/aliast.it\/contatti\">Contattaci<\/a><\/p>\n<\/div><\/div>\n\n\n<div class=\"wp-block-jetpack-contact-form\"><a href=\"https:\/\/aliast.it\/news\/pmi-e-ripresa-postcovid19\/\" target=\"_blank\" rel=\"noopener noreferrer\">Invia un modulo.<\/a><\/div>\n\n\n<p><\/p>\n<\/div><\/div>\n","protected":false},"excerpt":{"rendered":"<p>Non esiste una &#8220;formula magica&#8221; valida per tutti e dipende ovviamente dal grado di preparazione dell\u2019azienda e del management ma queste regole possono rappresentare una bussola per orientarsi.<\/p>\n","protected":false},"author":1,"featured_media":245,"comment_status":"open","ping_status":"open","sticky":false,"template":"","format":"standard","meta":{"spay_email":""},"categories":[6],"tags":[38,35,36,37,39,34],"yoast_head":"<!-- This site is optimized with the Yoast SEO plugin v18.4.1 - https:\/\/yoast.com\/wordpress\/plugins\/seo\/ -->\n<title>PMI e ripresa post-Covid19<\/title>\n<meta name=\"description\" content=\"Non esiste una &quot;formula magica&quot; valida per tutti e dipende ovviamente dal grado di preparazione dell\u2019azienda e del management ma queste regole possono rappresentare una bussola per orientare in modo corretto questi investimenti.\" \/>\n<meta name=\"robots\" content=\"index, follow, max-snippet:-1, max-image-preview:large, max-video-preview:-1\" \/>\n<link rel=\"canonical\" href=\"https:\/\/aliast.it\/news\/pmi-e-ripresa-postcovid19\/\" \/>\n<meta property=\"og:locale\" content=\"it_IT\" \/>\n<meta property=\"og:type\" content=\"article\" \/>\n<meta property=\"og:title\" content=\"PMI e ripresa post-Covid19\" \/>\n<meta property=\"og:description\" content=\"Non esiste una &quot;formula magica&quot; valida per tutti e dipende ovviamente dal grado di preparazione dell\u2019azienda e del management ma queste regole possono rappresentare una bussola per orientare in modo corretto questi investimenti.\" \/>\n<meta property=\"og:url\" content=\"https:\/\/aliast.it\/news\/pmi-e-ripresa-postcovid19\/\" \/>\n<meta property=\"og:site_name\" content=\"Aliast\" \/>\n<meta property=\"article:published_time\" content=\"2020-11-25T13:01:15+00:00\" \/>\n<meta property=\"article:modified_time\" content=\"2020-11-25T14:49:57+00:00\" \/>\n<meta property=\"og:image\" content=\"https:\/\/i1.wp.com\/aliast.it\/news\/wp-content\/uploads\/2020\/11\/high-achiever-600x.jpg?fit=600%2C315&#038;ssl=1\" \/>\n\t<meta property=\"og:image:width\" content=\"600\" \/>\n\t<meta property=\"og:image:height\" content=\"315\" \/>\n\t<meta property=\"og:image:type\" content=\"image\/jpeg\" \/>\n<meta name=\"twitter:card\" content=\"summary_large_image\" \/>\n<meta name=\"twitter:label1\" content=\"Scritto da\" \/>\n\t<meta name=\"twitter:data1\" content=\"aliast\" \/>\n\t<meta name=\"twitter:label2\" content=\"Tempo di lettura stimato\" \/>\n\t<meta name=\"twitter:data2\" content=\"6 minuti\" \/>\n<script type=\"application\/ld+json\" class=\"yoast-schema-graph\">{\"@context\":\"https:\/\/schema.org\",\"@graph\":[{\"@type\":\"WebSite\",\"@id\":\"https:\/\/aliast.it\/news\/#website\",\"url\":\"https:\/\/aliast.it\/news\/\",\"name\":\"Aliast\",\"description\":\"News room\",\"potentialAction\":[{\"@type\":\"SearchAction\",\"target\":{\"@type\":\"EntryPoint\",\"urlTemplate\":\"https:\/\/aliast.it\/news\/?s={search_term_string}\"},\"query-input\":\"required name=search_term_string\"}],\"inLanguage\":\"it-IT\"},{\"@type\":\"ImageObject\",\"@id\":\"https:\/\/aliast.it\/news\/pmi-e-ripresa-postcovid19\/#primaryimage\",\"inLanguage\":\"it-IT\",\"url\":\"https:\/\/i1.wp.com\/aliast.it\/news\/wp-content\/uploads\/2020\/11\/high-achiever-600x.jpg?fit=600%2C315&ssl=1\",\"contentUrl\":\"https:\/\/i1.wp.com\/aliast.it\/news\/wp-content\/uploads\/2020\/11\/high-achiever-600x.jpg?fit=600%2C315&ssl=1\",\"width\":600,\"height\":315},{\"@type\":\"WebPage\",\"@id\":\"https:\/\/aliast.it\/news\/pmi-e-ripresa-postcovid19\/#webpage\",\"url\":\"https:\/\/aliast.it\/news\/pmi-e-ripresa-postcovid19\/\",\"name\":\"PMI e ripresa post-Covid19\",\"isPartOf\":{\"@id\":\"https:\/\/aliast.it\/news\/#website\"},\"primaryImageOfPage\":{\"@id\":\"https:\/\/aliast.it\/news\/pmi-e-ripresa-postcovid19\/#primaryimage\"},\"datePublished\":\"2020-11-25T13:01:15+00:00\",\"dateModified\":\"2020-11-25T14:49:57+00:00\",\"author\":{\"@id\":\"https:\/\/aliast.it\/news\/#\/schema\/person\/8a4eaa07794a5be894eff4c1cc91092d\"},\"description\":\"Non esiste una \\\"formula magica\\\" valida per tutti e dipende ovviamente dal grado di preparazione dell\u2019azienda e del management ma queste regole possono rappresentare una bussola per orientare in modo corretto questi investimenti.\",\"breadcrumb\":{\"@id\":\"https:\/\/aliast.it\/news\/pmi-e-ripresa-postcovid19\/#breadcrumb\"},\"inLanguage\":\"it-IT\",\"potentialAction\":[{\"@type\":\"ReadAction\",\"target\":[\"https:\/\/aliast.it\/news\/pmi-e-ripresa-postcovid19\/\"]}]},{\"@type\":\"BreadcrumbList\",\"@id\":\"https:\/\/aliast.it\/news\/pmi-e-ripresa-postcovid19\/#breadcrumb\",\"itemListElement\":[{\"@type\":\"ListItem\",\"position\":1,\"name\":\"Home\",\"item\":\"https:\/\/aliast.it\/news\/\"},{\"@type\":\"ListItem\",\"position\":2,\"name\":\"PMI e ripresa post-Covid19\"}]},{\"@type\":\"Person\",\"@id\":\"https:\/\/aliast.it\/news\/#\/schema\/person\/8a4eaa07794a5be894eff4c1cc91092d\",\"name\":\"aliast\",\"image\":{\"@type\":\"ImageObject\",\"@id\":\"https:\/\/aliast.it\/news\/#personlogo\",\"inLanguage\":\"it-IT\",\"url\":\"https:\/\/secure.gravatar.com\/avatar\/e452c12ba07c45e2df55adc41cf50fe5?s=96&d=mm&r=g\",\"contentUrl\":\"https:\/\/secure.gravatar.com\/avatar\/e452c12ba07c45e2df55adc41cf50fe5?s=96&d=mm&r=g\",\"caption\":\"aliast\"},\"sameAs\":[\"https:\/\/aliast.it\/news\"],\"url\":\"https:\/\/aliast.it\/news\/author\/aliast\/\"}]}<\/script>\n<!-- \/ Yoast SEO plugin. -->","yoast_head_json":{"title":"PMI e ripresa post-Covid19","description":"Non esiste una \"formula magica\" valida per tutti e dipende ovviamente dal grado di preparazione dell\u2019azienda e del management ma queste regole possono rappresentare una bussola per orientare in modo corretto questi investimenti.","robots":{"index":"index","follow":"follow","max-snippet":"max-snippet:-1","max-image-preview":"max-image-preview:large","max-video-preview":"max-video-preview:-1"},"canonical":"https:\/\/aliast.it\/news\/pmi-e-ripresa-postcovid19\/","og_locale":"it_IT","og_type":"article","og_title":"PMI e ripresa post-Covid19","og_description":"Non esiste una \"formula magica\" valida per tutti e dipende ovviamente dal grado di preparazione dell\u2019azienda e del management ma queste regole possono rappresentare una bussola per orientare in modo corretto questi investimenti.","og_url":"https:\/\/aliast.it\/news\/pmi-e-ripresa-postcovid19\/","og_site_name":"Aliast","article_published_time":"2020-11-25T13:01:15+00:00","article_modified_time":"2020-11-25T14:49:57+00:00","og_image":[{"width":600,"height":315,"url":"https:\/\/i1.wp.com\/aliast.it\/news\/wp-content\/uploads\/2020\/11\/high-achiever-600x.jpg?fit=600%2C315&ssl=1","type":"image\/jpeg"}],"twitter_card":"summary_large_image","twitter_misc":{"Scritto da":"aliast","Tempo di lettura stimato":"6 minuti"},"schema":{"@context":"https:\/\/schema.org","@graph":[{"@type":"WebSite","@id":"https:\/\/aliast.it\/news\/#website","url":"https:\/\/aliast.it\/news\/","name":"Aliast","description":"News room","potentialAction":[{"@type":"SearchAction","target":{"@type":"EntryPoint","urlTemplate":"https:\/\/aliast.it\/news\/?s={search_term_string}"},"query-input":"required name=search_term_string"}],"inLanguage":"it-IT"},{"@type":"ImageObject","@id":"https:\/\/aliast.it\/news\/pmi-e-ripresa-postcovid19\/#primaryimage","inLanguage":"it-IT","url":"https:\/\/i1.wp.com\/aliast.it\/news\/wp-content\/uploads\/2020\/11\/high-achiever-600x.jpg?fit=600%2C315&ssl=1","contentUrl":"https:\/\/i1.wp.com\/aliast.it\/news\/wp-content\/uploads\/2020\/11\/high-achiever-600x.jpg?fit=600%2C315&ssl=1","width":600,"height":315},{"@type":"WebPage","@id":"https:\/\/aliast.it\/news\/pmi-e-ripresa-postcovid19\/#webpage","url":"https:\/\/aliast.it\/news\/pmi-e-ripresa-postcovid19\/","name":"PMI e ripresa post-Covid19","isPartOf":{"@id":"https:\/\/aliast.it\/news\/#website"},"primaryImageOfPage":{"@id":"https:\/\/aliast.it\/news\/pmi-e-ripresa-postcovid19\/#primaryimage"},"datePublished":"2020-11-25T13:01:15+00:00","dateModified":"2020-11-25T14:49:57+00:00","author":{"@id":"https:\/\/aliast.it\/news\/#\/schema\/person\/8a4eaa07794a5be894eff4c1cc91092d"},"description":"Non esiste una \"formula magica\" valida per tutti e dipende ovviamente dal grado di preparazione dell\u2019azienda e del management ma queste regole possono rappresentare una bussola per orientare in modo corretto questi investimenti.","breadcrumb":{"@id":"https:\/\/aliast.it\/news\/pmi-e-ripresa-postcovid19\/#breadcrumb"},"inLanguage":"it-IT","potentialAction":[{"@type":"ReadAction","target":["https:\/\/aliast.it\/news\/pmi-e-ripresa-postcovid19\/"]}]},{"@type":"BreadcrumbList","@id":"https:\/\/aliast.it\/news\/pmi-e-ripresa-postcovid19\/#breadcrumb","itemListElement":[{"@type":"ListItem","position":1,"name":"Home","item":"https:\/\/aliast.it\/news\/"},{"@type":"ListItem","position":2,"name":"PMI e ripresa post-Covid19"}]},{"@type":"Person","@id":"https:\/\/aliast.it\/news\/#\/schema\/person\/8a4eaa07794a5be894eff4c1cc91092d","name":"aliast","image":{"@type":"ImageObject","@id":"https:\/\/aliast.it\/news\/#personlogo","inLanguage":"it-IT","url":"https:\/\/secure.gravatar.com\/avatar\/e452c12ba07c45e2df55adc41cf50fe5?s=96&d=mm&r=g","contentUrl":"https:\/\/secure.gravatar.com\/avatar\/e452c12ba07c45e2df55adc41cf50fe5?s=96&d=mm&r=g","caption":"aliast"},"sameAs":["https:\/\/aliast.it\/news"],"url":"https:\/\/aliast.it\/news\/author\/aliast\/"}]}},"jetpack_featured_media_url":"https:\/\/i1.wp.com\/aliast.it\/news\/wp-content\/uploads\/2020\/11\/high-achiever-600x.jpg?fit=600%2C315&ssl=1","jetpack_sharing_enabled":true,"_links":{"self":[{"href":"https:\/\/aliast.it\/news\/wp-json\/wp\/v2\/posts\/212"}],"collection":[{"href":"https:\/\/aliast.it\/news\/wp-json\/wp\/v2\/posts"}],"about":[{"href":"https:\/\/aliast.it\/news\/wp-json\/wp\/v2\/types\/post"}],"author":[{"embeddable":true,"href":"https:\/\/aliast.it\/news\/wp-json\/wp\/v2\/users\/1"}],"replies":[{"embeddable":true,"href":"https:\/\/aliast.it\/news\/wp-json\/wp\/v2\/comments?post=212"}],"version-history":[{"count":42,"href":"https:\/\/aliast.it\/news\/wp-json\/wp\/v2\/posts\/212\/revisions"}],"predecessor-version":[{"id":260,"href":"https:\/\/aliast.it\/news\/wp-json\/wp\/v2\/posts\/212\/revisions\/260"}],"wp:featuredmedia":[{"embeddable":true,"href":"https:\/\/aliast.it\/news\/wp-json\/wp\/v2\/media\/245"}],"wp:attachment":[{"href":"https:\/\/aliast.it\/news\/wp-json\/wp\/v2\/media?parent=212"}],"wp:term":[{"taxonomy":"category","embeddable":true,"href":"https:\/\/aliast.it\/news\/wp-json\/wp\/v2\/categories?post=212"},{"taxonomy":"post_tag","embeddable":true,"href":"https:\/\/aliast.it\/news\/wp-json\/wp\/v2\/tags?post=212"}],"curies":[{"name":"wp","href":"https:\/\/api.w.org\/{rel}","templated":true}]}}